{"id":258,"date":"2022-11-04T05:52:00","date_gmt":"2022-11-04T05:52:00","guid":{"rendered":"https:\/\/www.dronda.mx\/site\/?p=258"},"modified":"2022-12-03T14:12:29","modified_gmt":"2022-12-03T20:12:29","slug":"luces-y-sombras-del-xiv-concurso-festival-nacional-de-rondallas-zapotlan-2022","status":"publish","type":"post","link":"https:\/\/www.dronda.mx\/site\/luces-y-sombras-del-xiv-concurso-festival-nacional-de-rondallas-zapotlan-2022\/","title":{"rendered":"Luces y sombras del Concurso Festival Zapotl\u00e1n 2022"},"content":{"rendered":"\n<p>Nos dirigimos sin escapatoria hacia el final del a\u00f1o y si hace poco hac\u00edamos an\u00e1lisis del&nbsp;<strong>Concurso de Rondallas de Monterrey<\/strong>, justo mencionando a los concursos que quedaban por llevarse a cabo en 2022, pues ahora damos un paso adelante en el tiempo y presentaremos las&nbsp;<strong>luces y sombras<\/strong>&nbsp;del&nbsp;<strong>Concurso Festival Nacional de Rondallas Zapotl\u00e1n 2022<\/strong>.<\/p>\n\n\n\n<p>De inicio, el an\u00e1lisis se antoja complicado, ya que este certamen tuvo muy poca participaci\u00f3n. Ya s\u00e9 que anteriormente, refiri\u00e9ndonos a otros concursos, hemos mencionado algo parecido, pero es que en realidad en esta ocasi\u00f3n s\u00ed fue muy poca participaci\u00f3n, apenas 7 rondallas, lo que deriv\u00f3 en que&nbsp;<em>tooodas&nbsp;<\/em>las categor\u00edas que estaban anunciadas se redujeran a solamente dos. Sabemos perfecto que este a\u00f1o es at\u00edpico y que, al ser una \u00e9poca de recuperaci\u00f3n de espacios presenciales para los grupos, es entendible que haya poca participaci\u00f3n. No obstante, es por ello que hemos hecho hincapi\u00e9 en que se debe replantear la cantidad de categor\u00edas.<\/p>\n\n\n\n<p>De entrada, lo hemos repetido desde antes de la pandemia: se debe dejar descansar las categor\u00edas&nbsp;<strong>Especiales&nbsp;<\/strong>y&nbsp;<strong>Doble A<\/strong>. En esta ocasi\u00f3n, dada la cantidad de agrupaciones, no se abri\u00f3 la categor\u00eda&nbsp;<strong>Doble A<\/strong>, pero s\u00ed que estaba considerada.<\/p>\n\n\n\n<p>La primera categor\u00eda que se present\u00f3 fue la&nbsp;<strong>B<\/strong>, donde la&nbsp;<em>Rondalla de la Eterna Primavera<\/em>&nbsp;no tuvo problemas para llevarse el triunfo. Desde el primer d\u00eda se not\u00f3 su oficio, el de sus integrantes, ya que la rondalla como tal es muy j\u00f3ven. Qui\u00e9n pudo haberlos puesto en problemas fue&nbsp;<em>Rondallas Unidas de Saltillo<\/em>, quienes fieles a su estilo interpretaron dos arreglos con varios cambios de ritmo y basados en el aspecto coral. Esta rondalla tiene a un gran director musical al frente, adem\u00e1s de que en sus presentaciones siempre es notorio el trabajo de ensayo que los respalda. Lo que no termina de gustarme son algunos de sus cambios de ritmo un tanto forzados.<\/p>\n\n\n\n<p>En la categor\u00eda A se tuvo un duelo interesante entre la&nbsp;<em>Rondalla Arpegio de Zamora<\/em>&nbsp;y la&nbsp;<em>Rondalla Caballeros Paso del Norte<\/em>. Ambas rondallas con un buen trabajo vocal y una madurez notoria entre sus filas. La diferencia fue que la&nbsp;<em>Rondalla Caballeros Paso del Norte<\/em>&nbsp;presentaron un salto importante en calidad, que en gran parte es resultado de lo bien que trabajaron a lo largo de la pandemia.<\/p>\n\n\n\n<p>Contrario a esto, una rondalla que evidentemente pasa por una reestructura es la&nbsp;<em>Rondalla de Medicina de la UANL<\/em>, una agrupaci\u00f3n hist\u00f3rica cuyo trabajo, en esta ocasi\u00f3n, no pudo darles el triunfo, algo a lo que ellos est\u00e1n acostumbrados.<\/p>\n\n\n\n<p>Con todo, me parece que la presencia de estas tres rondallas hizo que la categor\u00eda&nbsp;<strong>A&nbsp;<\/strong>presentara un nivel un poco por encima de lo que se ha visto en otros concursos, donde justo esta clasificaci\u00f3n es la que se ha visto a la baja.<\/p>\n\n\n\n<p>Si bien el audio del concurso no fue malo, tuvo un aspecto que le jug\u00f3 completamente en contra y fue el lugar donde se realiz\u00f3. Al ser un patio, la ac\u00fastica no es la ideal para un evento de este tipo, haciendo demasiado eco y dificultando la apreciaci\u00f3n del evento.<\/p>\n\n\n\n<p>Sin embargo, la sombra m\u00e1s oscura de la organizaci\u00f3n fue, en definitiva, el manejo de los tiempos. Para comenzar, el concurso estaba anunciado para iniciar a las 14:00 horas ambos d\u00edas, s\u00e1bado y domingo. El d\u00eda s\u00e1bado el evento dio inicio 1 hora con 20 minutos tarde. Ese mismo d\u00eda se anunci\u00f3 que el domingo dar\u00eda inicio a las 15:00 horas, pero esto tampoco ocurri\u00f3 puesto que en la final el retraso fue de 58 minutos.<\/p>\n\n\n\n<p>Pero eso no es lo m\u00e1s preocupante, sino que el tiempo efectivo de m\u00fasica, desde el primer solo de requinto de la primera rondalla hasta el \u00faltimo remate de la s\u00e9ptima agrupaci\u00f3n pasaron solamente \u00a138 minutos! A partir de ah\u00ed, ya se la saben: tiempos muertos, n\u00fameros musicales, m\u00e1s tiempos muertos hasta que finalmente dio inicio el protocolo de cierre del evento 1 hora con 20 minutos despu\u00e9s, es decir, fue m\u00e1s el tiempo de espera que el que las rondallas estuvieron participando. Pero si pensaban que la espera hab\u00eda terminado, lamento desilusionarlos amiguitos, porque la premiaci\u00f3n dur\u00f3 otros 38 minutos, lo mismo que las rondallas estuvieron participando.<\/p>\n\n\n\n<p>Por favor, se\u00f1ores organizadores de concursos, tengan un poco de sensibilidad. Las rondallas que son de fuera necesitan iniciar su camino de regreso o irse a pasear y aprovechar antes de emprender su retorno. Las carreteras de este pa\u00eds, y sobre todo en la zona de Jalisco, no son precisamente las m\u00e1s seguras. Se los suplico, hagan las entregas m\u00e1s \u00e1giles.<\/p>\n\n\n\n<p>Y no minimizo el trabajo de los jurados, yo mismo he calificado en concursos nacionales y s\u00e9 perfecto la gran responsabilidad que se carga sobre los hombros para entregar resultados justos. Pero si bien, no es un trabajo f\u00e1cil, es un trabajo que se realiza mayoritariamente durante la presentaci\u00f3n de los grupos. Despu\u00e9s solo hay que sumar puntos y para la cantidad de rondallas, creo que no era para tardar tanto.<\/p>\n\n\n\n<p>Y hablando de justicia, en ese aspecto creo que no hay r\u00e9plica posible, ya que los resultados fueron l\u00f3gicos y acordes a lo que se vio en el escenario. Ambos campeones lo fueron con todas las de la ley y no dejaron duda ni en el jurado ni en el p\u00fablico, salvo los seguidores apasionados que con m\u00e1s \u00edmpetu que objetividad siempre defender\u00e1n a capa y espada a su rondalla.<\/p>\n\n\n\n<p>En fin, creo que la elaboraci\u00f3n de estas luces y sombras tambi\u00e9n ya lleva m\u00e1s de 38 minutos, as\u00ed que aqu\u00ed lo dejamos por hoy. Como saben, este trabajo cr\u00edtico se realiza de la forma m\u00e1s objetiva posible y siempre en el af\u00e1n de que todos aprendamos de las experiencias y logremos eventos de mayor calidad, como lo merecen las rondallas. Claro que siempre habr\u00e1 quien diga que somos muy negativos y que deber\u00edamos ver solo lo bello y lindo, pero somos fieles creyentes de que lo que no se mide no se puede mejorar.<\/p>\n\n\n\n<p>Nos vemos dentro de tres semanas en Zamora, Michoac\u00e1n. \u00a1Hasta pronto!<\/p>\n","protected":false},"excerpt":{"rendered":"<p class=\"text-justify mb-2\" >Nos dirigimos sin escapatoria hacia el final del a\u00f1o y si hace poco hac\u00edamos an\u00e1lisis del&nbsp;Concurso de Rondallas de Monterrey, justo mencionando a los concursos que quedaban por llevarse a cabo en 2022, pues ahora damos un paso adelante en el tiempo y presentaremos las&nbsp;luces [&hellip;]<\/p>\n","protected":false},"author":4,"featured_media":259,"comment_status":"open","ping_status":"open","sticky":false,"template":"","format":"standard","meta":{"footnotes":""},"categories":[10,24],"tags":[27,31,28,32,29,30],"class_list":["post-258","post","type-post","status-publish","format-standard","has-post-thumbnail","hentry","category-concursos","category-luces-y-sombras","tag-analisis","tag-concursos","tag-critica","tag-eventos","tag-opiniones","tag-rondallas"],"yoast_head":"<!-- This site is optimized with the Yoast SEO plugin v21.7 - https:\/\/yoast.com\/wordpress\/plugins\/seo\/ -->\n<title>Luces y sombras del Concurso Festival Zapotl\u00e1n 2022 - D&#039;Ronda<\/title>\n<meta name=\"robots\" content=\"index, follow, max-snippet:-1, max-image-preview:large, max-video-preview:-1\" \/>\n<link rel=\"canonical\" href=\"https:\/\/www.dronda.mx\/site\/luces-y-sombras-del-xiv-concurso-festival-nacional-de-rondallas-zapotlan-2022\/\" \/>\n<meta property=\"og:locale\" content=\"es_ES\" \/>\n<meta property=\"og:type\" content=\"article\" \/>\n<meta property=\"og:title\" content=\"Luces y sombras del Concurso Festival Zapotl\u00e1n 2022 - D&#039;Ronda\" \/>\n<meta property=\"og:description\" content=\"Nos dirigimos sin escapatoria hacia el final del a\u00f1o y si hace poco hac\u00edamos an\u00e1lisis del&nbsp;Concurso de Rondallas de Monterrey, justo mencionando a los concursos que quedaban por llevarse a cabo en 2022, pues ahora damos un paso adelante en el tiempo y presentaremos las&nbsp;luces [&hellip;]\" \/>\n<meta property=\"og:url\" content=\"https:\/\/www.dronda.mx\/site\/luces-y-sombras-del-xiv-concurso-festival-nacional-de-rondallas-zapotlan-2022\/\" \/>\n<meta property=\"og:site_name\" content=\"D&#039;Ronda\" \/>\n<meta property=\"article:author\" content=\"https:\/\/www.facebook.com\/luisdaniel.oidor\/\" \/>\n<meta property=\"article:published_time\" content=\"2022-11-04T05:52:00+00:00\" \/>\n<meta property=\"article:modified_time\" content=\"2022-12-03T20:12:29+00:00\" \/>\n<meta property=\"og:image\" content=\"https:\/\/www.dronda.mx\/site\/wp-content\/uploads\/2022\/11\/lys_zapotlan2022.jpg\" \/>\n\t<meta property=\"og:image:width\" content=\"1200\" \/>\n\t<meta property=\"og:image:height\" content=\"800\" \/>\n\t<meta property=\"og:image:type\" content=\"image\/jpeg\" \/>\n<meta name=\"author\" content=\"Luis Daniel Oidor\" \/>\n<meta name=\"twitter:card\" content=\"summary_large_image\" \/>\n<meta name=\"twitter:creator\" content=\"@LuisDanielOidor\" \/>\n<meta name=\"twitter:label1\" content=\"Escrito por\" \/>\n\t<meta name=\"twitter:data1\" content=\"Luis Daniel Oidor\" \/>\n\t<meta name=\"twitter:label2\" content=\"Tiempo de lectura\" \/>\n\t<meta name=\"twitter:data2\" content=\"5 minutos\" \/>\n<script type=\"application\/ld+json\" class=\"yoast-schema-graph\">{\"@context\":\"https:\/\/schema.org\",\"@graph\":[{\"@type\":\"Article\",\"@id\":\"https:\/\/www.dronda.mx\/site\/luces-y-sombras-del-xiv-concurso-festival-nacional-de-rondallas-zapotlan-2022\/#article\",\"isPartOf\":{\"@id\":\"https:\/\/www.dronda.mx\/site\/luces-y-sombras-del-xiv-concurso-festival-nacional-de-rondallas-zapotlan-2022\/\"},\"author\":{\"name\":\"Luis Daniel Oidor\",\"@id\":\"https:\/\/www.dronda.mx\/site\/#\/schema\/person\/9c4e16fd886553f8a930d54b838ccfe5\"},\"headline\":\"Luces y sombras del Concurso Festival Zapotl\u00e1n 2022\",\"datePublished\":\"2022-11-04T05:52:00+00:00\",\"dateModified\":\"2022-12-03T20:12:29+00:00\",\"mainEntityOfPage\":{\"@id\":\"https:\/\/www.dronda.mx\/site\/luces-y-sombras-del-xiv-concurso-festival-nacional-de-rondallas-zapotlan-2022\/\"},\"wordCount\":1099,\"commentCount\":3,\"publisher\":{\"@id\":\"https:\/\/www.dronda.mx\/site\/#organization\"},\"keywords\":[\"an\u00e1lisis\",\"concursos\",\"critica\",\"eventos\",\"opiniones\",\"rondallas\"],\"articleSection\":[\"Concursos\",\"Luces y sombras\"],\"inLanguage\":\"es\",\"potentialAction\":[{\"@type\":\"CommentAction\",\"name\":\"Comment\",\"target\":[\"https:\/\/www.dronda.mx\/site\/luces-y-sombras-del-xiv-concurso-festival-nacional-de-rondallas-zapotlan-2022\/#respond\"]}]},{\"@type\":\"WebPage\",\"@id\":\"https:\/\/www.dronda.mx\/site\/luces-y-sombras-del-xiv-concurso-festival-nacional-de-rondallas-zapotlan-2022\/\",\"url\":\"https:\/\/www.dronda.mx\/site\/luces-y-sombras-del-xiv-concurso-festival-nacional-de-rondallas-zapotlan-2022\/\",\"name\":\"Luces y sombras del Concurso Festival Zapotl\u00e1n 2022 - D&#039;Ronda\",\"isPartOf\":{\"@id\":\"https:\/\/www.dronda.mx\/site\/#website\"},\"datePublished\":\"2022-11-04T05:52:00+00:00\",\"dateModified\":\"2022-12-03T20:12:29+00:00\",\"breadcrumb\":{\"@id\":\"https:\/\/www.dronda.mx\/site\/luces-y-sombras-del-xiv-concurso-festival-nacional-de-rondallas-zapotlan-2022\/#breadcrumb\"},\"inLanguage\":\"es\",\"potentialAction\":[{\"@type\":\"ReadAction\",\"target\":[\"https:\/\/www.dronda.mx\/site\/luces-y-sombras-del-xiv-concurso-festival-nacional-de-rondallas-zapotlan-2022\/\"]}]},{\"@type\":\"BreadcrumbList\",\"@id\":\"https:\/\/www.dronda.mx\/site\/luces-y-sombras-del-xiv-concurso-festival-nacional-de-rondallas-zapotlan-2022\/#breadcrumb\",\"itemListElement\":[{\"@type\":\"ListItem\",\"position\":1,\"name\":\"Portada\",\"item\":\"https:\/\/www.dronda.mx\/site\/\"},{\"@type\":\"ListItem\",\"position\":2,\"name\":\"Luces y sombras del Concurso Festival Zapotl\u00e1n 2022\"}]},{\"@type\":\"WebSite\",\"@id\":\"https:\/\/www.dronda.mx\/site\/#website\",\"url\":\"https:\/\/www.dronda.mx\/site\/\",\"name\":\"D&#039;Ronda\",\"description\":\"El sitio de las rondallas en M\u00e9xico\",\"publisher\":{\"@id\":\"https:\/\/www.dronda.mx\/site\/#organization\"},\"potentialAction\":[{\"@type\":\"SearchAction\",\"target\":{\"@type\":\"EntryPoint\",\"urlTemplate\":\"https:\/\/www.dronda.mx\/site\/?s={search_term_string}\"},\"query-input\":\"required name=search_term_string\"}],\"inLanguage\":\"es\"},{\"@type\":\"Organization\",\"@id\":\"https:\/\/www.dronda.mx\/site\/#organization\",\"name\":\"D&#039;Ronda\",\"url\":\"https:\/\/www.dronda.mx\/site\/\",\"logo\":{\"@type\":\"ImageObject\",\"inLanguage\":\"es\",\"@id\":\"https:\/\/www.dronda.mx\/site\/#\/schema\/logo\/image\/\",\"url\":\"https:\/\/www.dronda.mx\/site\/wp-content\/uploads\/2022\/10\/cropped-logoDRonda-Blanco.png\",\"contentUrl\":\"https:\/\/www.dronda.mx\/site\/wp-content\/uploads\/2022\/10\/cropped-logoDRonda-Blanco.png\",\"width\":50,\"height\":50,\"caption\":\"D&#039;Ronda\"},\"image\":{\"@id\":\"https:\/\/www.dronda.mx\/site\/#\/schema\/logo\/image\/\"}},{\"@type\":\"Person\",\"@id\":\"https:\/\/www.dronda.mx\/site\/#\/schema\/person\/9c4e16fd886553f8a930d54b838ccfe5\",\"name\":\"Luis Daniel Oidor\",\"image\":{\"@type\":\"ImageObject\",\"inLanguage\":\"es\",\"@id\":\"https:\/\/www.dronda.mx\/site\/#\/schema\/person\/image\/\",\"url\":\"https:\/\/secure.gravatar.com\/avatar\/cbea34a01cf92656cedcf84aab497fbe97dc5c781090ee2784e9690a64037024?s=96&d=mm&r=g\",\"contentUrl\":\"https:\/\/secure.gravatar.com\/avatar\/cbea34a01cf92656cedcf84aab497fbe97dc5c781090ee2784e9690a64037024?s=96&d=mm&r=g\",\"caption\":\"Luis Daniel Oidor\"},\"sameAs\":[\"https:\/\/www.facebook.com\/luisdaniel.oidor\/\",\"https:\/\/twitter.com\/LuisDanielOidor\"],\"url\":\"https:\/\/www.dronda.mx\/site\/author\/luis-oidor\/\"}]}<\/script>\n<!-- \/ Yoast SEO plugin. -->","yoast_head_json":{"title":"Luces y sombras del Concurso Festival Zapotl\u00e1n 2022 - D&#039;Ronda","robots":{"index":"index","follow":"follow","max-snippet":"max-snippet:-1","max-image-preview":"max-image-preview:large","max-video-preview":"max-video-preview:-1"},"canonical":"https:\/\/www.dronda.mx\/site\/luces-y-sombras-del-xiv-concurso-festival-nacional-de-rondallas-zapotlan-2022\/","og_locale":"es_ES","og_type":"article","og_title":"Luces y sombras del Concurso Festival Zapotl\u00e1n 2022 - D&#039;Ronda","og_description":"Nos dirigimos sin escapatoria hacia el final del a\u00f1o y si hace poco hac\u00edamos an\u00e1lisis del&nbsp;Concurso de Rondallas de Monterrey, justo mencionando a los concursos que quedaban por llevarse a cabo en 2022, pues ahora damos un paso adelante en el tiempo y presentaremos las&nbsp;luces [&hellip;]","og_url":"https:\/\/www.dronda.mx\/site\/luces-y-sombras-del-xiv-concurso-festival-nacional-de-rondallas-zapotlan-2022\/","og_site_name":"D&#039;Ronda","article_author":"https:\/\/www.facebook.com\/luisdaniel.oidor\/","article_published_time":"2022-11-04T05:52:00+00:00","article_modified_time":"2022-12-03T20:12:29+00:00","og_image":[{"width":1200,"height":800,"url":"https:\/\/www.dronda.mx\/site\/wp-content\/uploads\/2022\/11\/lys_zapotlan2022.jpg","type":"image\/jpeg"}],"author":"Luis Daniel Oidor","twitter_card":"summary_large_image","twitter_creator":"@LuisDanielOidor","twitter_misc":{"Escrito por":"Luis Daniel Oidor","Tiempo de lectura":"5 minutos"},"schema":{"@context":"https:\/\/schema.org","@graph":[{"@type":"Article","@id":"https:\/\/www.dronda.mx\/site\/luces-y-sombras-del-xiv-concurso-festival-nacional-de-rondallas-zapotlan-2022\/#article","isPartOf":{"@id":"https:\/\/www.dronda.mx\/site\/luces-y-sombras-del-xiv-concurso-festival-nacional-de-rondallas-zapotlan-2022\/"},"author":{"name":"Luis Daniel Oidor","@id":"https:\/\/www.dronda.mx\/site\/#\/schema\/person\/9c4e16fd886553f8a930d54b838ccfe5"},"headline":"Luces y sombras del Concurso Festival Zapotl\u00e1n 2022","datePublished":"2022-11-04T05:52:00+00:00","dateModified":"2022-12-03T20:12:29+00:00","mainEntityOfPage":{"@id":"https:\/\/www.dronda.mx\/site\/luces-y-sombras-del-xiv-concurso-festival-nacional-de-rondallas-zapotlan-2022\/"},"wordCount":1099,"commentCount":3,"publisher":{"@id":"https:\/\/www.dronda.mx\/site\/#organization"},"keywords":["an\u00e1lisis","concursos","critica","eventos","opiniones","rondallas"],"articleSection":["Concursos","Luces y sombras"],"inLanguage":"es","potentialAction":[{"@type":"CommentAction","name":"Comment","target":["https:\/\/www.dronda.mx\/site\/luces-y-sombras-del-xiv-concurso-festival-nacional-de-rondallas-zapotlan-2022\/#respond"]}]},{"@type":"WebPage","@id":"https:\/\/www.dronda.mx\/site\/luces-y-sombras-del-xiv-concurso-festival-nacional-de-rondallas-zapotlan-2022\/","url":"https:\/\/www.dronda.mx\/site\/luces-y-sombras-del-xiv-concurso-festival-nacional-de-rondallas-zapotlan-2022\/","name":"Luces y sombras del Concurso Festival Zapotl\u00e1n 2022 - D&#039;Ronda","isPartOf":{"@id":"https:\/\/www.dronda.mx\/site\/#website"},"datePublished":"2022-11-04T05:52:00+00:00","dateModified":"2022-12-03T20:12:29+00:00","breadcrumb":{"@id":"https:\/\/www.dronda.mx\/site\/luces-y-sombras-del-xiv-concurso-festival-nacional-de-rondallas-zapotlan-2022\/#breadcrumb"},"inLanguage":"es","potentialAction":[{"@type":"ReadAction","target":["https:\/\/www.dronda.mx\/site\/luces-y-sombras-del-xiv-concurso-festival-nacional-de-rondallas-zapotlan-2022\/"]}]},{"@type":"BreadcrumbList","@id":"https:\/\/www.dronda.mx\/site\/luces-y-sombras-del-xiv-concurso-festival-nacional-de-rondallas-zapotlan-2022\/#breadcrumb","itemListElement":[{"@type":"ListItem","position":1,"name":"Portada","item":"https:\/\/www.dronda.mx\/site\/"},{"@type":"ListItem","position":2,"name":"Luces y sombras del Concurso Festival Zapotl\u00e1n 2022"}]},{"@type":"WebSite","@id":"https:\/\/www.dronda.mx\/site\/#website","url":"https:\/\/www.dronda.mx\/site\/","name":"D&#039;Ronda","description":"El sitio de las rondallas en M\u00e9xico","publisher":{"@id":"https:\/\/www.dronda.mx\/site\/#organization"},"potentialAction":[{"@type":"SearchAction","target":{"@type":"EntryPoint","urlTemplate":"https:\/\/www.dronda.mx\/site\/?s={search_term_string}"},"query-input":"required name=search_term_string"}],"inLanguage":"es"},{"@type":"Organization","@id":"https:\/\/www.dronda.mx\/site\/#organization","name":"D&#039;Ronda","url":"https:\/\/www.dronda.mx\/site\/","logo":{"@type":"ImageObject","inLanguage":"es","@id":"https:\/\/www.dronda.mx\/site\/#\/schema\/logo\/image\/","url":"https:\/\/www.dronda.mx\/site\/wp-content\/uploads\/2022\/10\/cropped-logoDRonda-Blanco.png","contentUrl":"https:\/\/www.dronda.mx\/site\/wp-content\/uploads\/2022\/10\/cropped-logoDRonda-Blanco.png","width":50,"height":50,"caption":"D&#039;Ronda"},"image":{"@id":"https:\/\/www.dronda.mx\/site\/#\/schema\/logo\/image\/"}},{"@type":"Person","@id":"https:\/\/www.dronda.mx\/site\/#\/schema\/person\/9c4e16fd886553f8a930d54b838ccfe5","name":"Luis Daniel Oidor","image":{"@type":"ImageObject","inLanguage":"es","@id":"https:\/\/www.dronda.mx\/site\/#\/schema\/person\/image\/","url":"https:\/\/secure.gravatar.com\/avatar\/cbea34a01cf92656cedcf84aab497fbe97dc5c781090ee2784e9690a64037024?s=96&d=mm&r=g","contentUrl":"https:\/\/secure.gravatar.com\/avatar\/cbea34a01cf92656cedcf84aab497fbe97dc5c781090ee2784e9690a64037024?s=96&d=mm&r=g","caption":"Luis Daniel Oidor"},"sameAs":["https:\/\/www.facebook.com\/luisdaniel.oidor\/","https:\/\/twitter.com\/LuisDanielOidor"],"url":"https:\/\/www.dronda.mx\/site\/author\/luis-oidor\/"}]}},"_links":{"self":[{"href":"https:\/\/www.dronda.mx\/site\/wp-json\/wp\/v2\/posts\/258","targetHints":{"allow":["GET"]}}],"collection":[{"href":"https:\/\/www.dronda.mx\/site\/wp-json\/wp\/v2\/posts"}],"about":[{"href":"https:\/\/www.dronda.mx\/site\/wp-json\/wp\/v2\/types\/post"}],"author":[{"embeddable":true,"href":"https:\/\/www.dronda.mx\/site\/wp-json\/wp\/v2\/users\/4"}],"replies":[{"embeddable":true,"href":"https:\/\/www.dronda.mx\/site\/wp-json\/wp\/v2\/comments?post=258"}],"version-history":[{"count":2,"href":"https:\/\/www.dronda.mx\/site\/wp-json\/wp\/v2\/posts\/258\/revisions"}],"predecessor-version":[{"id":548,"href":"https:\/\/www.dronda.mx\/site\/wp-json\/wp\/v2\/posts\/258\/revisions\/548"}],"wp:featuredmedia":[{"embeddable":true,"href":"https:\/\/www.dronda.mx\/site\/wp-json\/wp\/v2\/media\/259"}],"wp:attachment":[{"href":"https:\/\/www.dronda.mx\/site\/wp-json\/wp\/v2\/media?parent=258"}],"wp:term":[{"taxonomy":"category","embeddable":true,"href":"https:\/\/www.dronda.mx\/site\/wp-json\/wp\/v2\/categories?post=258"},{"taxonomy":"post_tag","embeddable":true,"href":"https:\/\/www.dronda.mx\/site\/wp-json\/wp\/v2\/tags?post=258"}],"curies":[{"name":"wp","href":"https:\/\/api.w.org\/{rel}","templated":true}]}}